{"id":23382,"date":"2023-06-09T21:10:52","date_gmt":"2023-06-09T19:10:52","guid":{"rendered":"https:\/\/www.univ-bechar.dz\/univ\/?p=23382"},"modified":"2023-06-09T21:10:52","modified_gmt":"2023-06-09T19:10:52","slug":"une-journee-scientifique-portes-ouvertes-pour-les-etudiants-en-master-et-doctorat","status":"publish","type":"post","link":"https:\/\/www.univ-bechar.dz\/univ\/index.php\/2023\/06\/09\/une-journee-scientifique-portes-ouvertes-pour-les-etudiants-en-master-et-doctorat\/","title":{"rendered":"Une journ\u00e9e scientifique portes ouvertes pour les \u00e9tudiants en master et doctorat"},"content":{"rendered":"<p>Le Recteur de l&rsquo;Universit\u00e9, Prof. Mohammed Mjaoued, a supervis\u00e9 la c\u00e9r\u00e9monie de lancement de la journ\u00e9e portes ouvertes scientifique pour les \u00e9tudiants en Master et Doctorat de la Facult\u00e9 de Technologie, D\u00e9partement de G\u00e9nie Civil et hydraulique<\/p>\n<div id='gallery-1' class='gallery galleryid-23382 gallery-columns-3 gallery-size-thumbnail'><figure class='gallery-item'>\n\t\t\t<div class='gallery-icon landscape'>\n\t\t\t\t<a href='https:\/\/www.univ-bechar.dz\/univ\/index.php\/2023\/06\/09\/une-journee-scientifique-portes-ouvertes-pour-les-etudiants-en-master-et-doctorat\/20230515_090943\/'><img width=\"150\" height=\"103\" src=\"https:\/\/www.univ-bechar.dz\/univ\/wp-content\/uploads\/2023\/06\/20230515_090943.jpg\" class=\"attachment-thumbnail size-thumbnail\" alt=\"\" decoding=\"async\" loading=\"lazy\" \/><\/a>\n\t\t\t<\/div><\/figure><figure class='gallery-item'>\n\t\t\t<div class='gallery-icon landscape'>\n\t\t\t\t<a href='https:\/\/www.univ-bechar.dz\/univ\/index.php\/2023\/06\/09\/une-journee-scientifique-portes-ouvertes-pour-les-etudiants-en-master-et-doctorat\/20230515_091447\/'><img width=\"150\" height=\"127\" src=\"https:\/\/www.univ-bechar.dz\/univ\/wp-content\/uploads\/2023\/06\/20230515_091447.jpg\" class=\"attachment-thumbnail size-thumbnail\" alt=\"\" decoding=\"async\" loading=\"lazy\" \/><\/a>\n\t\t\t<\/div><\/figure><figure class='gallery-item'>\n\t\t\t<div class='gallery-icon landscape'>\n\t\t\t\t<a href='https:\/\/www.univ-bechar.dz\/univ\/index.php\/2023\/06\/09\/une-journee-scientifique-portes-ouvertes-pour-les-etudiants-en-master-et-doctorat\/20230515_091511\/'><img width=\"150\" height=\"99\" src=\"https:\/\/www.univ-bechar.dz\/univ\/wp-content\/uploads\/2023\/06\/20230515_091511.jpg\" class=\"attachment-thumbnail size-thumbnail\" alt=\"\" decoding=\"async\" loading=\"lazy\" \/><\/a>\n\t\t\t<\/div><\/figure><figure class='gallery-item'>\n\t\t\t<div class='gallery-icon portrait'>\n\t\t\t\t<a href='https:\/\/www.univ-bechar.dz\/univ\/index.php\/2023\/06\/09\/une-journee-scientifique-portes-ouvertes-pour-les-etudiants-en-master-et-doctorat\/20230515_091517\/'><img width=\"139\" height=\"150\" src=\"https:\/\/www.univ-bechar.dz\/univ\/wp-content\/uploads\/2023\/06\/20230515_091517.jpg\" class=\"attachment-thumbnail size-thumbnail\" alt=\"\" decoding=\"async\" loading=\"lazy\" \/><\/a>\n\t\t\t<\/div><\/figure><figure class='gallery-item'>\n\t\t\t<div class='gallery-icon landscape'>\n\t\t\t\t<a href='https:\/\/www.univ-bechar.dz\/univ\/index.php\/2023\/06\/09\/une-journee-scientifique-portes-ouvertes-pour-les-etudiants-en-master-et-doctorat\/20230515_091532\/'><img width=\"150\" height=\"85\" src=\"https:\/\/www.univ-bechar.dz\/univ\/wp-content\/uploads\/2023\/06\/20230515_091532.jpg\" class=\"attachment-thumbnail size-thumbnail\" alt=\"\" decoding=\"async\" loading=\"lazy\" \/><\/a>\n\t\t\t<\/div><\/figure><figure class='gallery-item'>\n\t\t\t<div class='gallery-icon portrait'>\n\t\t\t\t<a href='https:\/\/www.univ-bechar.dz\/univ\/index.php\/2023\/06\/09\/une-journee-scientifique-portes-ouvertes-pour-les-etudiants-en-master-et-doctorat\/20230515_091650\/'><img width=\"68\" height=\"150\" src=\"https:\/\/www.univ-bechar.dz\/univ\/wp-content\/uploads\/2023\/06\/20230515_091650.jpg\" class=\"attachment-thumbnail size-thumbnail\" alt=\"\" decoding=\"async\" loading=\"lazy\" \/><\/a>\n\t\t\t<\/div><\/figure><figure class='gallery-item'>\n\t\t\t<div class='gallery-icon landscape'>\n\t\t\t\t<a href='https:\/\/www.univ-bechar.dz\/univ\/index.php\/2023\/06\/09\/une-journee-scientifique-portes-ouvertes-pour-les-etudiants-en-master-et-doctorat\/20230515_091758\/'><img width=\"150\" height=\"89\" src=\"https:\/\/www.univ-bechar.dz\/univ\/wp-content\/uploads\/2023\/06\/20230515_091758.jpg\" class=\"attachment-thumbnail size-thumbnail\" alt=\"\" decoding=\"async\" loading=\"lazy\" \/><\/a>\n\t\t\t<\/div><\/figure><figure class='gallery-item'>\n\t\t\t<div class='gallery-icon landscape'>\n\t\t\t\t<a href='https:\/\/www.univ-bechar.dz\/univ\/index.php\/2023\/06\/09\/une-journee-scientifique-portes-ouvertes-pour-les-etudiants-en-master-et-doctorat\/20230515_091811\/'><img width=\"150\" height=\"74\" src=\"https:\/\/www.univ-bechar.dz\/univ\/wp-content\/uploads\/2023\/06\/20230515_091811.jpg\" class=\"attachment-thumbnail size-thumbnail\" alt=\"\" decoding=\"async\" loading=\"lazy\" \/><\/a>\n\t\t\t<\/div><\/figure><figure class='gallery-item'>\n\t\t\t<div class='gallery-icon landscape'>\n\t\t\t\t<a href='https:\/\/www.univ-bechar.dz\/univ\/index.php\/2023\/06\/09\/une-journee-scientifique-portes-ouvertes-pour-les-etudiants-en-master-et-doctorat\/20230515_091819\/'><img width=\"150\" height=\"83\" src=\"https:\/\/www.univ-bechar.dz\/univ\/wp-content\/uploads\/2023\/06\/20230515_091819.jpg\" class=\"attachment-thumbnail size-thumbnail\" alt=\"\" decoding=\"async\" loading=\"lazy\" \/><\/a>\n\t\t\t<\/div><\/figure><figure class='gallery-item'>\n\t\t\t<div class='gallery-icon landscape'>\n\t\t\t\t<a href='https:\/\/www.univ-bechar.dz\/univ\/index.php\/2023\/06\/09\/une-journee-scientifique-portes-ouvertes-pour-les-etudiants-en-master-et-doctorat\/20230515_091826\/'><img width=\"150\" height=\"75\" src=\"https:\/\/www.univ-bechar.dz\/univ\/wp-content\/uploads\/2023\/06\/20230515_091826.jpg\" class=\"attachment-thumbnail size-thumbnail\" alt=\"\" decoding=\"async\" loading=\"lazy\" \/><\/a>\n\t\t\t<\/div><\/figure><figure class='gallery-item'>\n\t\t\t<div class='gallery-icon landscape'>\n\t\t\t\t<a href='https:\/\/www.univ-bechar.dz\/univ\/index.php\/2023\/06\/09\/une-journee-scientifique-portes-ouvertes-pour-les-etudiants-en-master-et-doctorat\/20230515_091841\/'><img width=\"150\" height=\"110\" src=\"https:\/\/www.univ-bechar.dz\/univ\/wp-content\/uploads\/2023\/06\/20230515_091841.jpg\" class=\"attachment-thumbnail size-thumbnail\" alt=\"\" decoding=\"async\" loading=\"lazy\" \/><\/a>\n\t\t\t<\/div><\/figure><figure class='gallery-item'>\n\t\t\t<div class='gallery-icon landscape'>\n\t\t\t\t<a href='https:\/\/www.univ-bechar.dz\/univ\/index.php\/2023\/06\/09\/une-journee-scientifique-portes-ouvertes-pour-les-etudiants-en-master-et-doctorat\/20230515_092627\/'><img width=\"150\" height=\"108\" src=\"https:\/\/www.univ-bechar.dz\/univ\/wp-content\/uploads\/2023\/06\/20230515_092627.jpg\" class=\"attachment-thumbnail size-thumbnail\" alt=\"\" decoding=\"async\" loading=\"lazy\" \/><\/a>\n\t\t\t<\/div><\/figure><figure class='gallery-item'>\n\t\t\t<div class='gallery-icon landscape'>\n\t\t\t\t<a href='https:\/\/www.univ-bechar.dz\/univ\/index.php\/2023\/06\/09\/une-journee-scientifique-portes-ouvertes-pour-les-etudiants-en-master-et-doctorat\/20230515_092641\/'><img width=\"150\" height=\"105\" src=\"https:\/\/www.univ-bechar.dz\/univ\/wp-content\/uploads\/2023\/06\/20230515_092641.jpg\" class=\"attachment-thumbnail size-thumbnail\" alt=\"\" decoding=\"async\" loading=\"lazy\" \/><\/a>\n\t\t\t<\/div><\/figure><figure class='gallery-item'>\n\t\t\t<div class='gallery-icon landscape'>\n\t\t\t\t<a href='https:\/\/www.univ-bechar.dz\/univ\/index.php\/2023\/06\/09\/une-journee-scientifique-portes-ouvertes-pour-les-etudiants-en-master-et-doctorat\/20230515_091532-1\/'><img width=\"150\" height=\"85\" src=\"https:\/\/www.univ-bechar.dz\/univ\/wp-content\/uploads\/2023\/06\/20230515_091532-1.jpg\" class=\"attachment-thumbnail size-thumbnail\" alt=\"\" decoding=\"async\" loading=\"lazy\" \/><\/a>\n\t\t\t<\/div><\/figure><figure class='gallery-item'>\n\t\t\t<div class='gallery-icon portrait'>\n\t\t\t\t<a href='https:\/\/www.univ-bechar.dz\/univ\/index.php\/2023\/06\/09\/une-journee-scientifique-portes-ouvertes-pour-les-etudiants-en-master-et-doctorat\/20230515_091844\/'><img width=\"150\" height=\"150\" src=\"https:\/\/www.univ-bechar.dz\/univ\/wp-content\/uploads\/2023\/06\/20230515_091844.jpg\" class=\"attachment-thumbnail size-thumbnail\" alt=\"\" decoding=\"async\" loading=\"lazy\" \/><\/a>\n\t\t\t<\/div><\/figure>\n\t\t<\/div>\n\n<p>, D\u00e9partement de G\u00e9nie M\u00e9canique, Laboratoire de Fiabilit\u00e9 du G\u00e9nie M\u00e9canique, \u00e0 travers lequel:<\/p>\n<p>\u2714\ufe0f Initier l&rsquo;\u00e9tudiant en premi\u00e8re phase aux sp\u00e9cialisations du d\u00e9partement, ainsi qu&rsquo;aux activit\u00e9s du laboratoire.<\/p>\n<p>\u2714\ufe0f Sensibiliser les \u00e9tudiants du D\u00e9partement de G\u00e9nie Civil et Irrigation \u00e0 l&rsquo;importance du g\u00e9nie civil et souligner son r\u00f4le dans le monde de la construction et des \u00e9quipements, ainsi que dans le d\u00e9veloppement durable et l&rsquo;environnement.<\/p>\n","protected":false},"excerpt":{"rendered":"<p>Le Recteur de l&rsquo;Universit\u00e9, Prof. Mohammed Mjaoued, a supervis\u00e9 la c\u00e9r\u00e9monie de lancement de la journ\u00e9e portes ouvertes scientifique pour les \u00e9tudiants en Master et Doctorat de la Facult\u00e9 de Technologie, D\u00e9partement de G\u00e9nie Civil et hydraulique , D\u00e9partement de G\u00e9nie M\u00e9canique, Laboratoire de Fiabilit\u00e9 du G\u00e9nie M\u00e9canique, \u00e0 travers lequel: \u2714\ufe0f Initier l&rsquo;\u00e9tudiant en &hellip;<\/p>\n","protected":false},"author":15,"featured_media":23396,"comment_status":"open","ping_status":"open","sticky":false,"template":"","format":"standard","meta":[],"categories":[],"tags":[395],"yoast_head":"<!-- This site is optimized with the Yoast SEO plugin v20.8 - https:\/\/yoast.com\/wordpress\/plugins\/seo\/ -->\n<title>Une journ\u00e9e scientifique portes ouvertes pour les \u00e9tudiants en master et doctorat - univ<\/title>\n<meta name=\"robots\" content=\"index, follow, max-snippet:-1, max-image-preview:large, max-video-preview:-1\" \/>\n<link rel=\"canonical\" href=\"https:\/\/www.univ-bechar.dz\/univ\/index.php\/2023\/06\/09\/une-journee-scientifique-portes-ouvertes-pour-les-etudiants-en-master-et-doctorat\/\" \/>\n<meta property=\"og:locale\" content=\"fr_FR\" \/>\n<meta property=\"og:type\" content=\"article\" \/>\n<meta property=\"og:title\" content=\"Une journ\u00e9e scientifique portes ouvertes pour les \u00e9tudiants en master et doctorat - univ\" \/>\n<meta property=\"og:description\" content=\"Le Recteur de l&rsquo;Universit\u00e9, Prof. Mohammed Mjaoued, a supervis\u00e9 la c\u00e9r\u00e9monie de lancement de la journ\u00e9e portes ouvertes scientifique pour les \u00e9tudiants en Master et Doctorat de la Facult\u00e9 de Technologie, D\u00e9partement de G\u00e9nie Civil et hydraulique , D\u00e9partement de G\u00e9nie M\u00e9canique, Laboratoire de Fiabilit\u00e9 du G\u00e9nie M\u00e9canique, \u00e0 travers lequel: \u2714\ufe0f Initier l&rsquo;\u00e9tudiant en &hellip;\" \/>\n<meta property=\"og:url\" content=\"https:\/\/www.univ-bechar.dz\/univ\/index.php\/2023\/06\/09\/une-journee-scientifique-portes-ouvertes-pour-les-etudiants-en-master-et-doctorat\/\" \/>\n<meta property=\"og:site_name\" content=\"univ\" \/>\n<meta property=\"article:publisher\" content=\"http:\/\/www.facebook.com\/univ.bechar\" \/>\n<meta property=\"article:published_time\" content=\"2023-06-09T19:10:52+00:00\" \/>\n<meta property=\"og:image\" content=\"http:\/\/www.univ-bechar.dz\/univ\/wp-content\/uploads\/2023\/06\/20230515_091532-1.jpg\" \/>\n\t<meta property=\"og:image:width\" content=\"1024\" \/>\n\t<meta property=\"og:image:height\" content=\"580\" \/>\n\t<meta property=\"og:image:type\" content=\"image\/jpeg\" \/>\n<meta name=\"twitter:card\" content=\"summary_large_image\" \/>\n<meta name=\"twitter:label1\" content=\"Written by\" \/>\n\t<meta name=\"twitter:data1\" content=\"\" \/>\n\t<meta name=\"twitter:label2\" content=\"Est. reading time\" \/>\n\t<meta name=\"twitter:data2\" content=\"1 minute\" \/>\n<script type=\"application\/ld+json\" class=\"yoast-schema-graph\">{\"@context\":\"https:\/\/schema.org\",\"@graph\":[{\"@type\":\"Article\",\"@id\":\"https:\/\/www.univ-bechar.dz\/univ\/index.php\/2023\/06\/09\/une-journee-scientifique-portes-ouvertes-pour-les-etudiants-en-master-et-doctorat\/#article\",\"isPartOf\":{\"@id\":\"https:\/\/www.univ-bechar.dz\/univ\/index.php\/2023\/06\/09\/une-journee-scientifique-portes-ouvertes-pour-les-etudiants-en-master-et-doctorat\/\"},\"author\":{\"name\":\"\",\"@id\":\"\"},\"headline\":\"Une journ\u00e9e scientifique portes ouvertes pour les \u00e9tudiants en master et doctorat\",\"datePublished\":\"2023-06-09T19:10:52+00:00\",\"dateModified\":\"2023-06-09T19:10:52+00:00\",\"mainEntityOfPage\":{\"@id\":\"https:\/\/www.univ-bechar.dz\/univ\/index.php\/2023\/06\/09\/une-journee-scientifique-portes-ouvertes-pour-les-etudiants-en-master-et-doctorat\/\"},\"wordCount\":133,\"commentCount\":0,\"publisher\":{\"@id\":\"https:\/\/www.univ-bechar.dz\/univ\/#organization\"},\"keywords\":[\"Actualit\u00e9\"],\"inLanguage\":\"fr-FR\",\"potentialAction\":[{\"@type\":\"CommentAction\",\"name\":\"Comment\",\"target\":[\"https:\/\/www.univ-bechar.dz\/univ\/index.php\/2023\/06\/09\/une-journee-scientifique-portes-ouvertes-pour-les-etudiants-en-master-et-doctorat\/#respond\"]}]},{\"@type\":\"WebPage\",\"@id\":\"https:\/\/www.univ-bechar.dz\/univ\/index.php\/2023\/06\/09\/une-journee-scientifique-portes-ouvertes-pour-les-etudiants-en-master-et-doctorat\/\",\"url\":\"https:\/\/www.univ-bechar.dz\/univ\/index.php\/2023\/06\/09\/une-journee-scientifique-portes-ouvertes-pour-les-etudiants-en-master-et-doctorat\/\",\"name\":\"Une journ\u00e9e scientifique portes ouvertes pour les \u00e9tudiants en master et doctorat - univ\",\"isPartOf\":{\"@id\":\"https:\/\/www.univ-bechar.dz\/univ\/#website\"},\"datePublished\":\"2023-06-09T19:10:52+00:00\",\"dateModified\":\"2023-06-09T19:10:52+00:00\",\"breadcrumb\":{\"@id\":\"https:\/\/www.univ-bechar.dz\/univ\/index.php\/2023\/06\/09\/une-journee-scientifique-portes-ouvertes-pour-les-etudiants-en-master-et-doctorat\/#breadcrumb\"},\"inLanguage\":\"fr-FR\",\"potentialAction\":[{\"@type\":\"ReadAction\",\"target\":[\"https:\/\/www.univ-bechar.dz\/univ\/index.php\/2023\/06\/09\/une-journee-scientifique-portes-ouvertes-pour-les-etudiants-en-master-et-doctorat\/\"]}]},{\"@type\":\"BreadcrumbList\",\"@id\":\"https:\/\/www.univ-bechar.dz\/univ\/index.php\/2023\/06\/09\/une-journee-scientifique-portes-ouvertes-pour-les-etudiants-en-master-et-doctorat\/#breadcrumb\",\"itemListElement\":[{\"@type\":\"ListItem\",\"position\":1,\"name\":\"Home\",\"item\":\"https:\/\/www.univ-bechar.dz\/univ\/\"},{\"@type\":\"ListItem\",\"position\":2,\"name\":\"Une journ\u00e9e scientifique portes ouvertes pour les \u00e9tudiants en master et doctorat\"}]},{\"@type\":\"WebSite\",\"@id\":\"https:\/\/www.univ-bechar.dz\/univ\/#website\",\"url\":\"https:\/\/www.univ-bechar.dz\/univ\/\",\"name\":\"univ\",\"description\":\"UTMB\",\"publisher\":{\"@id\":\"https:\/\/www.univ-bechar.dz\/univ\/#organization\"},\"potentialAction\":[{\"@type\":\"SearchAction\",\"target\":{\"@type\":\"EntryPoint\",\"urlTemplate\":\"https:\/\/www.univ-bechar.dz\/univ\/?s={search_term_string}\"},\"query-input\":\"required name=search_term_string\"}],\"inLanguage\":\"fr-FR\"},{\"@type\":\"Organization\",\"@id\":\"https:\/\/www.univ-bechar.dz\/univ\/#organization\",\"name\":\"univ\",\"url\":\"https:\/\/www.univ-bechar.dz\/univ\/\",\"logo\":{\"@type\":\"ImageObject\",\"inLanguage\":\"fr-FR\",\"@id\":\"https:\/\/www.univ-bechar.dz\/univ\/#\/schema\/logo\/image\/\",\"url\":\"https:\/\/www.univ-bechar.dz\/univ\/wp-content\/uploads\/2022\/09\/LOGOUNIV.png\",\"contentUrl\":\"https:\/\/www.univ-bechar.dz\/univ\/wp-content\/uploads\/2022\/09\/LOGOUNIV.png\",\"width\":670,\"height\":962,\"caption\":\"univ\"},\"image\":{\"@id\":\"https:\/\/www.univ-bechar.dz\/univ\/#\/schema\/logo\/image\/\"},\"sameAs\":[\"http:\/\/www.facebook.com\/univ.bechar\"]},{\"@type\":\"Person\",\"@id\":\"\",\"url\":\"https:\/\/www.univ-bechar.dz\/univ\/index.php\/author\/\"}]}<\/script>\n<!-- \/ Yoast SEO plugin. -->","yoast_head_json":{"title":"Une journ\u00e9e scientifique portes ouvertes pour les \u00e9tudiants en master et doctorat - univ","robots":{"index":"index","follow":"follow","max-snippet":"max-snippet:-1","max-image-preview":"max-image-preview:large","max-video-preview":"max-video-preview:-1"},"canonical":"https:\/\/www.univ-bechar.dz\/univ\/index.php\/2023\/06\/09\/une-journee-scientifique-portes-ouvertes-pour-les-etudiants-en-master-et-doctorat\/","og_locale":"fr_FR","og_type":"article","og_title":"Une journ\u00e9e scientifique portes ouvertes pour les \u00e9tudiants en master et doctorat - univ","og_description":"Le Recteur de l&rsquo;Universit\u00e9, Prof. Mohammed Mjaoued, a supervis\u00e9 la c\u00e9r\u00e9monie de lancement de la journ\u00e9e portes ouvertes scientifique pour les \u00e9tudiants en Master et Doctorat de la Facult\u00e9 de Technologie, D\u00e9partement de G\u00e9nie Civil et hydraulique , D\u00e9partement de G\u00e9nie M\u00e9canique, Laboratoire de Fiabilit\u00e9 du G\u00e9nie M\u00e9canique, \u00e0 travers lequel: \u2714\ufe0f Initier l&rsquo;\u00e9tudiant en &hellip;","og_url":"https:\/\/www.univ-bechar.dz\/univ\/index.php\/2023\/06\/09\/une-journee-scientifique-portes-ouvertes-pour-les-etudiants-en-master-et-doctorat\/","og_site_name":"univ","article_publisher":"http:\/\/www.facebook.com\/univ.bechar","article_published_time":"2023-06-09T19:10:52+00:00","og_image":[{"url":"http:\/\/www.univ-bechar.dz\/univ\/wp-content\/uploads\/2023\/06\/20230515_091532-1.jpg","width":1024,"height":580,"type":"image\/jpeg"}],"twitter_card":"summary_large_image","twitter_misc":{"Written by":"","Est. reading time":"1 minute"},"schema":{"@context":"https:\/\/schema.org","@graph":[{"@type":"Article","@id":"https:\/\/www.univ-bechar.dz\/univ\/index.php\/2023\/06\/09\/une-journee-scientifique-portes-ouvertes-pour-les-etudiants-en-master-et-doctorat\/#article","isPartOf":{"@id":"https:\/\/www.univ-bechar.dz\/univ\/index.php\/2023\/06\/09\/une-journee-scientifique-portes-ouvertes-pour-les-etudiants-en-master-et-doctorat\/"},"author":{"name":"","@id":""},"headline":"Une journ\u00e9e scientifique portes ouvertes pour les \u00e9tudiants en master et doctorat","datePublished":"2023-06-09T19:10:52+00:00","dateModified":"2023-06-09T19:10:52+00:00","mainEntityOfPage":{"@id":"https:\/\/www.univ-bechar.dz\/univ\/index.php\/2023\/06\/09\/une-journee-scientifique-portes-ouvertes-pour-les-etudiants-en-master-et-doctorat\/"},"wordCount":133,"commentCount":0,"publisher":{"@id":"https:\/\/www.univ-bechar.dz\/univ\/#organization"},"keywords":["Actualit\u00e9"],"inLanguage":"fr-FR","potentialAction":[{"@type":"CommentAction","name":"Comment","target":["https:\/\/www.univ-bechar.dz\/univ\/index.php\/2023\/06\/09\/une-journee-scientifique-portes-ouvertes-pour-les-etudiants-en-master-et-doctorat\/#respond"]}]},{"@type":"WebPage","@id":"https:\/\/www.univ-bechar.dz\/univ\/index.php\/2023\/06\/09\/une-journee-scientifique-portes-ouvertes-pour-les-etudiants-en-master-et-doctorat\/","url":"https:\/\/www.univ-bechar.dz\/univ\/index.php\/2023\/06\/09\/une-journee-scientifique-portes-ouvertes-pour-les-etudiants-en-master-et-doctorat\/","name":"Une journ\u00e9e scientifique portes ouvertes pour les \u00e9tudiants en master et doctorat - univ","isPartOf":{"@id":"https:\/\/www.univ-bechar.dz\/univ\/#website"},"datePublished":"2023-06-09T19:10:52+00:00","dateModified":"2023-06-09T19:10:52+00:00","breadcrumb":{"@id":"https:\/\/www.univ-bechar.dz\/univ\/index.php\/2023\/06\/09\/une-journee-scientifique-portes-ouvertes-pour-les-etudiants-en-master-et-doctorat\/#breadcrumb"},"inLanguage":"fr-FR","potentialAction":[{"@type":"ReadAction","target":["https:\/\/www.univ-bechar.dz\/univ\/index.php\/2023\/06\/09\/une-journee-scientifique-portes-ouvertes-pour-les-etudiants-en-master-et-doctorat\/"]}]},{"@type":"BreadcrumbList","@id":"https:\/\/www.univ-bechar.dz\/univ\/index.php\/2023\/06\/09\/une-journee-scientifique-portes-ouvertes-pour-les-etudiants-en-master-et-doctorat\/#breadcrumb","itemListElement":[{"@type":"ListItem","position":1,"name":"Home","item":"https:\/\/www.univ-bechar.dz\/univ\/"},{"@type":"ListItem","position":2,"name":"Une journ\u00e9e scientifique portes ouvertes pour les \u00e9tudiants en master et doctorat"}]},{"@type":"WebSite","@id":"https:\/\/www.univ-bechar.dz\/univ\/#website","url":"https:\/\/www.univ-bechar.dz\/univ\/","name":"univ","description":"UTMB","publisher":{"@id":"https:\/\/www.univ-bechar.dz\/univ\/#organization"},"potentialAction":[{"@type":"SearchAction","target":{"@type":"EntryPoint","urlTemplate":"https:\/\/www.univ-bechar.dz\/univ\/?s={search_term_string}"},"query-input":"required name=search_term_string"}],"inLanguage":"fr-FR"},{"@type":"Organization","@id":"https:\/\/www.univ-bechar.dz\/univ\/#organization","name":"univ","url":"https:\/\/www.univ-bechar.dz\/univ\/","logo":{"@type":"ImageObject","inLanguage":"fr-FR","@id":"https:\/\/www.univ-bechar.dz\/univ\/#\/schema\/logo\/image\/","url":"https:\/\/www.univ-bechar.dz\/univ\/wp-content\/uploads\/2022\/09\/LOGOUNIV.png","contentUrl":"https:\/\/www.univ-bechar.dz\/univ\/wp-content\/uploads\/2022\/09\/LOGOUNIV.png","width":670,"height":962,"caption":"univ"},"image":{"@id":"https:\/\/www.univ-bechar.dz\/univ\/#\/schema\/logo\/image\/"},"sameAs":["http:\/\/www.facebook.com\/univ.bechar"]},{"@type":"Person","@id":"","url":"https:\/\/www.univ-bechar.dz\/univ\/index.php\/author\/"}]}},"_links":{"self":[{"href":"https:\/\/www.univ-bechar.dz\/univ\/index.php\/wp-json\/wp\/v2\/posts\/23382"}],"collection":[{"href":"https:\/\/www.univ-bechar.dz\/univ\/index.php\/wp-json\/wp\/v2\/posts"}],"about":[{"href":"https:\/\/www.univ-bechar.dz\/univ\/index.php\/wp-json\/wp\/v2\/types\/post"}],"author":[{"embeddable":true,"href":"https:\/\/www.univ-bechar.dz\/univ\/index.php\/wp-json\/wp\/v2\/users\/15"}],"replies":[{"embeddable":true,"href":"https:\/\/www.univ-bechar.dz\/univ\/index.php\/wp-json\/wp\/v2\/comments?post=23382"}],"version-history":[{"count":1,"href":"https:\/\/www.univ-bechar.dz\/univ\/index.php\/wp-json\/wp\/v2\/posts\/23382\/revisions"}],"predecessor-version":[{"id":23398,"href":"https:\/\/www.univ-bechar.dz\/univ\/index.php\/wp-json\/wp\/v2\/posts\/23382\/revisions\/23398"}],"wp:featuredmedia":[{"embeddable":true,"href":"https:\/\/www.univ-bechar.dz\/univ\/index.php\/wp-json\/wp\/v2\/media\/23396"}],"wp:attachment":[{"href":"https:\/\/www.univ-bechar.dz\/univ\/index.php\/wp-json\/wp\/v2\/media?parent=23382"}],"wp:term":[{"taxonomy":"category","embeddable":true,"href":"https:\/\/www.univ-bechar.dz\/univ\/index.php\/wp-json\/wp\/v2\/categories?post=23382"},{"taxonomy":"post_tag","embeddable":true,"href":"https:\/\/www.univ-bechar.dz\/univ\/index.php\/wp-json\/wp\/v2\/tags?post=23382"}],"curies":[{"name":"wp","href":"https:\/\/api.w.org\/{rel}","templated":true}]}}